{"id":7292,"date":"2025-05-08T09:35:07","date_gmt":"2025-05-08T07:35:07","guid":{"rendered":"https:\/\/info.parcandi.ch\/?p=7292"},"modified":"2026-03-10T16:51:02","modified_gmt":"2026-03-10T15:51:02","slug":"p7292","status":"publish","type":"post","link":"https:\/\/info.parcandi.ch\/fr\/p7292\/","title":{"rendered":"Apr\u00e8s un peu plus de cinq ans, C\u00e9dric Wichert quitte Parcandi AG. Nous le remercions pour son engagement et lui souhaitons bonne chance pour l&rsquo;avenir."},"content":{"rendered":"\t\t<div data-elementor-type=\"wp-post\" data-elementor-id=\"7292\" class=\"elementor elementor-7292 elementor-7290\" data-elementor-post-type=\"post\">\n\t\t\t\t\t\t<section class=\"elementor-section elementor-top-section elementor-element elementor-element-d93ee8f elementor-section-content-bottom elementor-section-boxed elementor-section-height-default elementor-section-height-default\" data-id=\"d93ee8f\" data-element_type=\"section\" data-e-type=\"section\">\n\t\t\t\t\t\t<div class=\"elementor-container elementor-column-gap-no\">\n\t\t\t\t\t<div class=\"elementor-column elementor-col-50 elementor-top-column elementor-element elementor-element-57aee29\" data-id=\"57aee29\" data-element_type=\"column\" data-e-type=\"column\">\n\t\t\t<div class=\"elementor-widget-wrap elementor-element-populated\">\n\t\t\t\t\t\t<div class=\"elementor-element elementor-element-540fb73 elementor-widget elementor-widget-post-info\" data-id=\"540fb73\" data-element_type=\"widget\" data-e-type=\"widget\" data-widget_type=\"post-info.default\">\n\t\t\t\t<div class=\"elementor-widget-container\">\n\t\t\t\t\t\t\t<ul class=\"elementor-inline-items elementor-icon-list-items elementor-post-info\">\n\t\t\t\t\t\t\t\t<li class=\"elementor-icon-list-item elementor-repeater-item-a81dcf4 elementor-inline-item\" itemprop=\"datePublished\">\n\t\t\t\t\t\t<a href=\"https:\/\/info.parcandi.ch\/fr\/2025\/05\/08\/\">\n\t\t\t\t\t\t\t\t\t\t\t\t\t\t<span class=\"elementor-icon-list-text elementor-post-info__item elementor-post-info__item--type-date\">\n\t\t\t\t\t\t\t\t\t\t<time>08. Mai 2025<\/time>\t\t\t\t\t<\/span>\n\t\t\t\t\t\t\t\t\t<\/a>\n\t\t\t\t<\/li>\n\t\t\t\t<\/ul>\n\t\t\t\t\t\t<\/div>\n\t\t\t\t<\/div>\n\t\t\t\t\t<\/div>\n\t\t<\/div>\n\t\t\t\t<div class=\"elementor-column elementor-col-50 elementor-top-column elementor-element elementor-element-e7f33c5\" data-id=\"e7f33c5\" data-element_type=\"column\" data-e-type=\"column\">\n\t\t\t<div class=\"elementor-widget-wrap\">\n\t\t\t\t\t\t\t<\/div>\n\t\t<\/div>\n\t\t\t\t\t<\/div>\n\t\t<\/section>\n\t\t\t\t<section class=\"elementor-section elementor-top-section elementor-element elementor-element-fbba9c8 elementor-section-content-top elementor-section-boxed elementor-section-height-default elementor-section-height-default\" data-id=\"fbba9c8\" data-element_type=\"section\" data-e-type=\"section\">\n\t\t\t\t\t\t<div class=\"elementor-container elementor-column-gap-no\">\n\t\t\t\t\t<div class=\"elementor-column elementor-col-50 elementor-top-column elementor-element elementor-element-5d23452\" data-id=\"5d23452\" data-element_type=\"column\" data-e-type=\"column\">\n\t\t\t<div class=\"elementor-widget-wrap elementor-element-populated\">\n\t\t\t\t\t\t<div class=\"elementor-element elementor-element-4c8028d elementor-widget elementor-widget-theme-post-title elementor-page-title elementor-widget-heading\" data-id=\"4c8028d\" data-element_type=\"widget\" data-e-type=\"widget\" data-widget_type=\"theme-post-title.default\">\n\t\t\t\t<div class=\"elementor-widget-container\">\n\t\t\t\t\t<h1 class=\"elementor-heading-title elementor-size-default\">Apr\u00e8s un peu plus de cinq ans, C\u00e9dric Wichert quitte Parcandi AG. Nous le remercions pour son engagement et lui souhaitons bonne chance pour l&rsquo;avenir.<\/h1>\t\t\t\t<\/div>\n\t\t\t\t<\/div>\n\t\t\t\t\t<\/div>\n\t\t<\/div>\n\t\t\t\t<div class=\"elementor-column elementor-col-50 elementor-top-column elementor-element elementor-element-aa061a6\" data-id=\"aa061a6\" data-element_type=\"column\" data-e-type=\"column\">\n\t\t\t<div class=\"elementor-widget-wrap elementor-element-populated\">\n\t\t\t\t\t\t<div class=\"elementor-element elementor-element-565e858 elementor-widget elementor-widget-theme-post-excerpt\" data-id=\"565e858\" data-element_type=\"widget\" data-e-type=\"widget\" data-widget_type=\"theme-post-excerpt.default\">\n\t\t\t\t<div class=\"elementor-widget-container\">\n\t\t\t\t\tNous proposons \u00e0 nos clients d'autres m\u00e9thodes de paiement qui simplifient \u00e9galement le processus de paiement pour les clients American Express. Depuis peu, il est possible de payer rapidement et facilement avec la carte American Express.\t\t\t\t<\/div>\n\t\t\t\t<\/div>\n\t\t\t\t<div class=\"elementor-element elementor-element-f698c78 elementor-widget elementor-widget-image\" data-id=\"f698c78\" data-element_type=\"widget\" data-e-type=\"widget\" data-widget_type=\"image.default\">\n\t\t\t\t<div class=\"elementor-widget-container\">\n\t\t\t\t\t\t\t\t\t\t\t\t\t\t\t<img fetchpriority=\"high\" decoding=\"async\" width=\"450\" height=\"260\" src=\"https:\/\/info.parcandi.ch\/wp-content\/uploads\/2025\/05\/PLD4256-1-450x260.jpg\" class=\"attachment-thumbnail size-thumbnail wp-image-7357\" alt=\"\" \/>\t\t\t\t\t\t\t\t\t\t\t\t\t\t\t<\/div>\n\t\t\t\t<\/div>\n\t\t\t\t\t<\/div>\n\t\t<\/div>\n\t\t\t\t\t<\/div>\n\t\t<\/section>\n\t\t\t\t<section class=\"elementor-section elementor-top-section elementor-element elementor-element-3ada92a9 elementor-section-boxed elementor-section-height-default elementor-section-height-default\" data-id=\"3ada92a9\" data-element_type=\"section\" data-e-type=\"section\">\n\t\t\t\t\t\t<div class=\"elementor-container elementor-column-gap-default\">\n\t\t\t\t\t<div class=\"elementor-column elementor-col-100 elementor-top-column elementor-element elementor-element-2dfdd88\" data-id=\"2dfdd88\" data-element_type=\"column\" data-e-type=\"column\">\n\t\t\t<div class=\"elementor-widget-wrap elementor-element-populated\">\n\t\t\t\t\t\t<div class=\"elementor-element elementor-element-2faf8ad4 elementor-widget elementor-widget-text-editor\" data-id=\"2faf8ad4\" data-element_type=\"widget\" data-e-type=\"widget\" data-widget_type=\"text-editor.default\">\n\t\t\t\t<div class=\"elementor-widget-container\">\n\t\t\t\t\t\t\t\t\t<p><strong>Patrick Wirth devient le nouveau CFO et Delia Gilgen prend la direction du support client. <br \/><\/strong><strong>Parcandi AG se r\u00e9jouit de cette collaboration et souhaite beaucoup de succ\u00e8s \u00e0 Delia et Patrick !<\/strong><\/p>\n<p>C\u00e9dric Wichert a rejoint l&rsquo;\u00e9quipe de projet d\u00e8s la phase de pr\u00e9-cr\u00e9ation en 2020 et a largement d\u00e9velopp\u00e9 et marqu\u00e9 de son empreinte les secteurs Finances et Customer Support, avant de cofonder Parcandi SA en 2021.<\/p>\n<p>C\u00e9dric a contribu\u00e9 \u00e0 notre croissance durant cette p\u00e9riode et a veill\u00e9 \u00e0 ce que les op\u00e9rations soient toujours \u00e0 la hauteur des exigences qui en d\u00e9coulent. C\u00e9dric Wichert a d\u00e9cid\u00e9 de relever un nouveau d\u00e9fi professionnel. Nous le remercions chaleureusement pour sa grande contribution et son engagement exceptionnel et lui souhaitons le meilleur pour l&rsquo;avenir.  <\/p>\n<p>Patrick Wirth a une longue exp\u00e9rience dans le domaine des finances et du financement en tant que CFO dans diff\u00e9rentes entreprises et a notamment mis en place auparavant l&rsquo;\u00e9cosyst\u00e8me Mobility du Baloise Group. Patrick soutient donc Parcandi depuis l&rsquo;id\u00e9e et faisait jusqu&rsquo;\u00e0 r\u00e9cemment partie du conseil d&rsquo;administration. <\/p>\n<p>En tant que directeur financier de Parcandi AG, Patrick Wirth poursuit son engagement de plusieurs ann\u00e9es en faveur des entreprises \u00e9mergentes du secteur de la mobilit\u00e9. \u00ab\u00a0Parcandi est synonyme d&rsquo;une nouvelle mobilit\u00e9 durable dans nos villes &#8211; avec une force d&rsquo;innovation et beaucoup de passion. Je suis tr\u00e8s heureux de pouvoir d\u00e9sormais mettre \u00e0 profit mon exp\u00e9rience entrepreneuriale sur le plan op\u00e9rationnel et de fa\u00e7onner le prochain chapitre avec l&rsquo;\u00e9quipe\u00a0\u00bb, d\u00e9clare Patrick Wirth. <\/p>\n<p>Delia Gilgen est dipl\u00f4m\u00e9e en gestion d&rsquo;entreprise et a auparavant dirig\u00e9 le Community Management de Working Bicycle SA. Elle apporte une vaste exp\u00e9rience dans la mise en place et l&rsquo;optimisation de processus orient\u00e9s clients dans de jeunes entreprises. <\/p>\n<p>En tant que Customer Operations Manager chez Parcandi SA, Delia Gilgen participe d\u00e9sormais activement \u00e0 la cr\u00e9ation de l&rsquo;exp\u00e9rience client &#8211; de l&rsquo;analyse \u00e0 l&rsquo;assurance qualit\u00e9 en passant par la mise en place de processus efficaces. \u00ab Ce qui m&rsquo;enthousiasme chez Parcandi, c&rsquo;est la combinaison d&rsquo;une approche innovante et durable de la mobilit\u00e9 et la possibilit\u00e9 de participer r\u00e9ellement \u00e0 l&rsquo;organisation en tant que membre d&rsquo;une \u00e9quipe engag\u00e9e \u00bb, d\u00e9clare Delia Gilgen. <\/p>\n<p>Nous nous r\u00e9jouissons beaucoup de la collaboration avec Delia Gilgen et Patrick Wirth et leur souhaitons beaucoup de succ\u00e8s dans leurs nouvelles t\u00e2ches !<\/p>\n\t\t\t\t\t\t\t\t<\/div>\n\t\t\t\t<\/div>\n\t\t\t\t\t<\/div>\n\t\t<\/div>\n\t\t\t\t\t<\/div>\n\t\t<\/section>\n\t\t\t\t<section class=\"elementor-section elementor-top-section elementor-element elementor-element-82ae0b4 elementor-section-boxed elementor-section-height-default elementor-section-height-default\" data-id=\"82ae0b4\" data-element_type=\"section\" data-e-type=\"section\">\n\t\t\t\t\t\t<div class=\"elementor-container elementor-column-gap-default\">\n\t\t\t\t\t<div class=\"elementor-column elementor-col-100 elementor-top-column elementor-element elementor-element-7c085c9\" data-id=\"7c085c9\" data-element_type=\"column\" data-e-type=\"column\">\n\t\t\t<div class=\"elementor-widget-wrap elementor-element-populated\">\n\t\t\t\t\t\t<div class=\"elementor-element elementor-element-9de7fe0 elementor-widget__width-initial elementor-widget elementor-widget-post-navigation\" data-id=\"9de7fe0\" data-element_type=\"widget\" data-e-type=\"widget\" data-widget_type=\"post-navigation.default\">\n\t\t\t\t<div class=\"elementor-widget-container\">\n\t\t\t\t\t\t\t<div class=\"elementor-post-navigation\" role=\"navigation\" aria-label=\"Navigation de publication\">\n\t\t\t<div class=\"elementor-post-navigation__prev elementor-post-navigation__link\">\n\t\t\t\t<a href=\"https:\/\/info.parcandi.ch\/fr\/etude-sur-limpact-sur-le-trafic-dans-le-parking-de-quartier-avec-fhnw\/\" rel=\"prev\"><span class=\"elementor-post-navigation__link__prev\"><span class=\"post-navigation__prev--label\">nouvelles pr\u00e9c\u00e9dentes<\/span><\/span><\/a>\t\t\t<\/div>\n\t\t\t\t\t\t<div class=\"elementor-post-navigation__next elementor-post-navigation__link\">\n\t\t\t\t<a href=\"https:\/\/info.parcandi.ch\/fr\/gestion-intelligente-du-stationnement-a-lausanne-bussigny-cote-de-gare\/\" rel=\"next\"><span class=\"elementor-post-navigation__link__next\"><span class=\"post-navigation__next--label\">prochaines nouvelles<\/span><\/span><\/a>\t\t\t<\/div>\n\t\t<\/div>\n\t\t\t\t\t\t<\/div>\n\t\t\t\t<\/div>\n\t\t\t\t\t<\/div>\n\t\t<\/div>\n\t\t\t\t\t<\/div>\n\t\t<\/section>\n\t\t\t\t<\/div>\n\t\t","protected":false},"excerpt":{"rendered":"<p>Nous proposons \u00e0 nos clients d&rsquo;autres m\u00e9thodes de paiement qui simplifient \u00e9galement le processus de paiement pour les clients American Express. Depuis peu, il est possible de payer rapidement et facilement avec la carte American Express.<\/p>\n","protected":false},"author":2,"featured_media":7307,"comment_status":"closed","ping_status":"closed","sticky":false,"template":"","format":"standard","meta":{"footnotes":""},"categories":[44,43,35],"tags":[173,172,171],"sp_smart_badges":[],"class_list":["post-7292","post","type-post","status-publish","format-standard","has-post-thumbnail","hentry","category-histoires","category-medias","category-non-classifiee","tag-augmentation-de-lequipe","tag-cedric-wichert-fr","tag-collaborateurs"],"_links":{"self":[{"href":"https:\/\/info.parcandi.ch\/fr\/wp-json\/wp\/v2\/posts\/7292","targetHints":{"allow":["GET"]}}],"collection":[{"href":"https:\/\/info.parcandi.ch\/fr\/wp-json\/wp\/v2\/posts"}],"about":[{"href":"https:\/\/info.parcandi.ch\/fr\/wp-json\/wp\/v2\/types\/post"}],"author":[{"embeddable":true,"href":"https:\/\/info.parcandi.ch\/fr\/wp-json\/wp\/v2\/users\/2"}],"replies":[{"embeddable":true,"href":"https:\/\/info.parcandi.ch\/fr\/wp-json\/wp\/v2\/comments?post=7292"}],"version-history":[{"count":5,"href":"https:\/\/info.parcandi.ch\/fr\/wp-json\/wp\/v2\/posts\/7292\/revisions"}],"predecessor-version":[{"id":10749,"href":"https:\/\/info.parcandi.ch\/fr\/wp-json\/wp\/v2\/posts\/7292\/revisions\/10749"}],"wp:featuredmedia":[{"embeddable":true,"href":"https:\/\/info.parcandi.ch\/fr\/wp-json\/wp\/v2\/media\/7307"}],"wp:attachment":[{"href":"https:\/\/info.parcandi.ch\/fr\/wp-json\/wp\/v2\/media?parent=7292"}],"wp:term":[{"taxonomy":"category","embeddable":true,"href":"https:\/\/info.parcandi.ch\/fr\/wp-json\/wp\/v2\/categories?post=7292"},{"taxonomy":"post_tag","embeddable":true,"href":"https:\/\/info.parcandi.ch\/fr\/wp-json\/wp\/v2\/tags?post=7292"},{"taxonomy":"sp_smart_badges","embeddable":true,"href":"https:\/\/info.parcandi.ch\/fr\/wp-json\/wp\/v2\/sp_smart_badges?post=7292"}],"curies":[{"name":"wp","href":"https:\/\/api.w.org\/{rel}","templated":true}]}}